{"id":827,"date":"2017-08-30T15:42:29","date_gmt":"2017-08-30T15:42:29","guid":{"rendered":"http:\/\/www.dog-design.fr\/?p=827"},"modified":"2022-05-06T18:13:24","modified_gmt":"2022-05-06T16:13:24","slug":"video-projetee-lors-de-la-semaine-des-humanites-de-lunseco","status":"publish","type":"post","link":"https:\/\/denis-auge.com\/art\/video-projetee-lors-de-la-semaine-des-humanites-de-lunseco-827.html","title":{"rendered":"Vid\u00e9o projet\u00e9e lors de la semaine des humanit\u00e9s de l&rsquo;Unseco"},"content":{"rendered":"\n[et_pb_section fb_built=\u00a0\u00bb1&Prime; _builder_version=\u00a0\u00bb4.16&Prime; global_colors_info=\u00a0\u00bb{}\u00a0\u00bb][et_pb_row _builder_version=\u00a0\u00bb4.16&Prime; background_size=\u00a0\u00bbinitial\u00a0\u00bb background_position=\u00a0\u00bbtop_left\u00a0\u00bb background_repeat=\u00a0\u00bbrepeat\u00a0\u00bb global_colors_info=\u00a0\u00bb{}\u00a0\u00bb][et_pb_column type=\u00a0\u00bb4_4&Prime; _builder_version=\u00a0\u00bb4.16&Prime; custom_padding=\u00a0\u00bb|||\u00a0\u00bb global_colors_info=\u00a0\u00bb{}\u00a0\u00bb custom_padding__hover=\u00a0\u00bb|||\u00a0\u00bb][et_pb_text _builder_version=\u00a0\u00bb4.16&Prime; background_size=\u00a0\u00bbinitial\u00a0\u00bb background_position=\u00a0\u00bbtop_left\u00a0\u00bb background_repeat=\u00a0\u00bbrepeat\u00a0\u00bb global_colors_info=\u00a0\u00bb{}\u00a0\u00bb]Vid\u00e9o projet\u00e9e lors de la semaine des humanit\u00e9s de l&rsquo;Unseco \u00e0 Li\u00e8ge en Ao\u00fbt 2017 avec celles de 49 autres artistes internationaux afin de pr\u00e9senter l\u2019artiste investi dans la communaut\u00e9.[\/et_pb_text][et_pb_video src=\u00a0\u00bbhttps:\/\/youtu.be\/9n7YGxf4fvY\u00a0\u00bb _builder_version=\u00a0\u00bb4.17.3&Prime; _module_preset=\u00a0\u00bbdefault\u00a0\u00bb hover_enabled=\u00a0\u00bb0&Prime; sticky_enabled=\u00a0\u00bb0&Prime;][\/et_pb_video][\/et_pb_column][\/et_pb_row][\/et_pb_section]\n","protected":false},"excerpt":{"rendered":"<p>Vid\u00e9o projet\u00e9e lors de la semaine des humanit\u00e9s de l&rsquo;Unseco \u00e0 Li\u00e8ge en Ao\u00fbt 2017 avec celles de 49 autres artistes internationaux afin de pr\u00e9senter l\u2019artiste investi dans la communaut\u00e9.<\/p>\n","protected":false},"author":2,"featured_media":4360,"comment_status":"closed","ping_status":"closed","sticky":false,"template":"","format":"video","meta":{"_et_pb_use_builder":"on","_et_pb_old_content":"Vid\u00e9o projet\u00e9e lors de la semaine des humanit\u00e9s de l'Unseco \u00e0 Li\u00e8ge en Ao\u00fbt 2017 avec celles de 49 autres artistes internationaux afin de pr\u00e9senter l\u2019artiste investi dans la communaut\u00e9.","_et_gb_content_width":"1080","footnotes":""},"categories":[2],"tags":[],"class_list":["post-827","post","type-post","status-publish","format-video","has-post-thumbnail","hentry","category-news","post_format-post-format-video"],"_links":{"self":[{"href":"https:\/\/denis-auge.com\/art\/wp-json\/wp\/v2\/posts\/827","targetHints":{"allow":["GET"]}}],"collection":[{"href":"https:\/\/denis-auge.com\/art\/wp-json\/wp\/v2\/posts"}],"about":[{"href":"https:\/\/denis-auge.com\/art\/wp-json\/wp\/v2\/types\/post"}],"author":[{"embeddable":true,"href":"https:\/\/denis-auge.com\/art\/wp-json\/wp\/v2\/users\/2"}],"replies":[{"embeddable":true,"href":"https:\/\/denis-auge.com\/art\/wp-json\/wp\/v2\/comments?post=827"}],"version-history":[{"count":3,"href":"https:\/\/denis-auge.com\/art\/wp-json\/wp\/v2\/posts\/827\/revisions"}],"predecessor-version":[{"id":4361,"href":"https:\/\/denis-auge.com\/art\/wp-json\/wp\/v2\/posts\/827\/revisions\/4361"}],"wp:featuredmedia":[{"embeddable":true,"href":"https:\/\/denis-auge.com\/art\/wp-json\/wp\/v2\/media\/4360"}],"wp:attachment":[{"href":"https:\/\/denis-auge.com\/art\/wp-json\/wp\/v2\/media?parent=827"}],"wp:term":[{"taxonomy":"category","embeddable":true,"href":"https:\/\/denis-auge.com\/art\/wp-json\/wp\/v2\/categories?post=827"},{"taxonomy":"post_tag","embeddable":true,"href":"https:\/\/denis-auge.com\/art\/wp-json\/wp\/v2\/tags?post=827"}],"curies":[{"name":"wp","href":"https:\/\/api.w.org\/{rel}","templated":true}]}}