{"id":4430,"date":"2022-09-19T16:12:09","date_gmt":"2022-09-19T14:12:09","guid":{"rendered":"https:\/\/denis-auge.com\/art\/?p=4430"},"modified":"2022-09-19T16:12:10","modified_gmt":"2022-09-19T14:12:10","slug":"denis-auge-selectionne-par-la-fondation-suisse-michelangelo","status":"publish","type":"post","link":"https:\/\/denis-auge.com\/art\/denis-auge-selectionne-par-la-fondation-suisse-michelangelo-4430.html","title":{"rendered":"Denis Aug\u00e9 s\u00e9lectionn\u00e9 par la Fondation Suisse Michelangelo"},"content":{"rendered":"\n<p>Je suis heureux de vous annoncer ma s\u00e9lection par la Fondation Suisse Michelangelo comme Ma\u00eetre Artisan d&rsquo;Art Europ\u00e9en, r\u00e9f\u00e9renc\u00e9 dans son guide \u00ab\u00a0Homo Faber\u00a0\u00bb.<\/p>\n\n\n\n<p>Ce guide vise \u00e0 promouvoir les m\u00e9tiers d&rsquo;art \u00e0 travers l&rsquo;Europe avec une s\u00e9lection d&rsquo;artisans qui incarnent l&rsquo;excellence.<br><\/p>\n\n\n\n<p>Merci \u00e0 tous pour votre soutien qui m&rsquo;a permis d&rsquo;obtenir cet honneur.<\/p>\n","protected":false},"excerpt":{"rendered":"<p>Je suis heureux de vous annoncer ma s\u00e9lection par la Fondation Suisse Michelangelo comme Ma\u00eetre Artisan d&rsquo;Art Europ\u00e9en, r\u00e9f\u00e9renc\u00e9 dans son guide \u00ab\u00a0Homo Faber\u00a0\u00bb. Ce guide vise \u00e0 promouvoir les m\u00e9tiers d&rsquo;art \u00e0 travers l&rsquo;Europe avec une s\u00e9lection d&rsquo;artisans qui incarnent l&rsquo;excellence. Merci \u00e0 tous pour votre soutien qui m&rsquo;a permis d&rsquo;obtenir cet honneur.<\/p>\n","protected":false},"author":1,"featured_media":4431,"comment_status":"open","ping_status":"open","sticky":false,"template":"","format":"aside","meta":{"_et_pb_use_builder":"off","_et_pb_old_content":"","_et_gb_content_width":"","footnotes":""},"categories":[2],"tags":[],"class_list":["post-4430","post","type-post","status-publish","format-aside","has-post-thumbnail","hentry","category-news","post_format-post-format-aside"],"_links":{"self":[{"href":"https:\/\/denis-auge.com\/art\/wp-json\/wp\/v2\/posts\/4430","targetHints":{"allow":["GET"]}}],"collection":[{"href":"https:\/\/denis-auge.com\/art\/wp-json\/wp\/v2\/posts"}],"about":[{"href":"https:\/\/denis-auge.com\/art\/wp-json\/wp\/v2\/types\/post"}],"author":[{"embeddable":true,"href":"https:\/\/denis-auge.com\/art\/wp-json\/wp\/v2\/users\/1"}],"replies":[{"embeddable":true,"href":"https:\/\/denis-auge.com\/art\/wp-json\/wp\/v2\/comments?post=4430"}],"version-history":[{"count":1,"href":"https:\/\/denis-auge.com\/art\/wp-json\/wp\/v2\/posts\/4430\/revisions"}],"predecessor-version":[{"id":4432,"href":"https:\/\/denis-auge.com\/art\/wp-json\/wp\/v2\/posts\/4430\/revisions\/4432"}],"wp:featuredmedia":[{"embeddable":true,"href":"https:\/\/denis-auge.com\/art\/wp-json\/wp\/v2\/media\/4431"}],"wp:attachment":[{"href":"https:\/\/denis-auge.com\/art\/wp-json\/wp\/v2\/media?parent=4430"}],"wp:term":[{"taxonomy":"category","embeddable":true,"href":"https:\/\/denis-auge.com\/art\/wp-json\/wp\/v2\/categories?post=4430"},{"taxonomy":"post_tag","embeddable":true,"href":"https:\/\/denis-auge.com\/art\/wp-json\/wp\/v2\/tags?post=4430"}],"curies":[{"name":"wp","href":"https:\/\/api.w.org\/{rel}","templated":true}]}}